{"id":2910,"date":"2018-12-10T12:40:25","date_gmt":"2018-12-10T11:40:25","guid":{"rendered":"https:\/\/www.breathe.life\/blog\/breathe-el-restaurante-mas-vanguardista-y-ecologico-de-marbella\/"},"modified":"2025-01-16T08:19:35","modified_gmt":"2025-01-16T08:19:35","slug":"breathe-el-restaurante-mas-vanguardista-y-ecologico-de-marbella","status":"publish","type":"post","link":"https:\/\/www.breathe.life\/es\/breathe-el-restaurante-mas-vanguardista-y-ecologico-de-marbella\/","title":{"rendered":"Breathe, el restaurante m\u00e1s vanguardista y ecol\u00f3gico de Marbella."},"content":{"rendered":"<p>La naturalidad de Breathe va m\u00e1s all\u00e1 de los alimentos frescos y de temporada procedentes en gran medida de su propia huerta, estamos ante un establecimiento con planta geot\u00e9rmica de remineralizaci\u00f3n propia y con un notable aprovechamiento del agua de lluvia. Esto unido a la fresca y creativa propuesta gastron\u00f3mica del restaurante, hacen que hablar de Breathe sea ehablar de una experiencia gastron\u00f3mica \u00fanica.<\/p>\n<p>Lee todo lo que dicen de nosotros en este <strong><a href=\"https:\/\/loff.it\/saborear\/recetas\/breathe-el-restaurante-mas-vanguardista-y-ecologico-de-marbella-323664\/\" target=\"_blank\" rel=\"noopener\">art\u00edculo<\/a> <\/strong>de la revista digital <a href=\"https:\/\/loff.it\/\" target=\"_blank\" rel=\"noopener\">Loff.IT<\/a><\/p>","protected":false},"excerpt":{"rendered":"<p>La naturalidad de Breathe va m\u00e1s all\u00e1 de los alimentos frescos y de temporada procedentes en gran medida de su propia huerta, estamos ante un establecimiento con planta geot\u00e9rmica de remineralizaci\u00f3n propia y con un notable aprovechamiento del agua de lluvia. Esto unido a la fresca y creativa propuesta gastron\u00f3mica del restaurante, hacen que hablar [&hellip;]<\/p>","protected":false},"author":1,"featured_media":15185,"comment_status":"open","ping_status":"open","sticky":false,"template":"","format":"standard","meta":{"_acf_changed":false,"footnotes":""},"categories":[10],"tags":[],"class_list":["post-2910","post","type-post","status-publish","format-standard","has-post-thumbnail","hentry","category-press"],"acf":[],"_links":{"self":[{"href":"https:\/\/www.breathe.life\/es\/wp-json\/wp\/v2\/posts\/2910","targetHints":{"allow":["GET"]}}],"collection":[{"href":"https:\/\/www.breathe.life\/es\/wp-json\/wp\/v2\/posts"}],"about":[{"href":"https:\/\/www.breathe.life\/es\/wp-json\/wp\/v2\/types\/post"}],"author":[{"embeddable":true,"href":"https:\/\/www.breathe.life\/es\/wp-json\/wp\/v2\/users\/1"}],"replies":[{"embeddable":true,"href":"https:\/\/www.breathe.life\/es\/wp-json\/wp\/v2\/comments?post=2910"}],"version-history":[{"count":1,"href":"https:\/\/www.breathe.life\/es\/wp-json\/wp\/v2\/posts\/2910\/revisions"}],"predecessor-version":[{"id":15186,"href":"https:\/\/www.breathe.life\/es\/wp-json\/wp\/v2\/posts\/2910\/revisions\/15186"}],"wp:featuredmedia":[{"embeddable":true,"href":"https:\/\/www.breathe.life\/es\/wp-json\/wp\/v2\/media\/15185"}],"wp:attachment":[{"href":"https:\/\/www.breathe.life\/es\/wp-json\/wp\/v2\/media?parent=2910"}],"wp:term":[{"taxonomy":"category","embeddable":true,"href":"https:\/\/www.breathe.life\/es\/wp-json\/wp\/v2\/categories?post=2910"},{"taxonomy":"post_tag","embeddable":true,"href":"https:\/\/www.breathe.life\/es\/wp-json\/wp\/v2\/tags?post=2910"}],"curies":[{"name":"wp","href":"https:\/\/api.w.org\/{rel}","templated":true}]}}