{"id":3201,"date":"2019-02-04T09:48:19","date_gmt":"2019-02-04T08:48:19","guid":{"rendered":"https:\/\/www.breathe.life\/blog\/?p=3201"},"modified":"2025-01-16T08:12:41","modified_gmt":"2025-01-16T08:12:41","slug":"hoy-cenamos-en-breathe","status":"publish","type":"post","link":"https:\/\/www.breathe.life\/es\/hoy-cenamos-en-breathe\/","title":{"rendered":"ESQUIRE Magazine \/\/ Hoy cenamos en&#8230; Breathe"},"content":{"rendered":"<header class=\"content-header standard-header\">\n<div class=\"content-header-inner\">\n<h1 class=\"content-hed standard-hed\">Hoy cenamos en&#8230; Breathe<\/h1>\n<p>Querr\u00e1s quedarte a vivir en este para\u00edso sostenible de Marbella.<\/p>\n<div class=\"content-info standard-info\">\n<div class=\"content-info-metadata\">\n<div class=\"byline-with-image\">\n<div class=\"content-info-byline-image\"><\/div>\n<div class=\"byline\">POR\u00a0<a class=\"byline-name\" href=\"https:\/\/www.esquire.com\/es\/author\/220081\/rafael-sanchez-casademont\/\" rel=\"author noopener\" data-vars-ga-ux-element=\"Byline\" data-vars-ga-call-to-action=\"Rafael S\u00e1nchez Casademont\" target=\"_blank\"><span class=\"byline-name\">RAFAEL S\u00c1NCHEZ CASADEMONT<\/span><\/a><\/div>\n<\/div>\n<p><time class=\"content-info-date\" datetime=\"2019-02-01T08:42:50.780023Z\">01\/02\/2019<\/time><\/p>\n<\/div>\n<\/div>\n<\/div>\n<\/header>\n<div class=\"content-container standard-container\">\n<div class=\"standard-body\">\n<div class=\"content-lede-image standard-lede-image\">\n<div class=\"content-lede-image-wrap aspect-ratio-freeform\">\n<p><img decoding=\"async\" class=\"zoomable lazyimage lazyautosizes lazyloaded\" title=\"Breathe Marbella\" src=\"https:\/\/hips.hearstapps.com\/hmg-prod.s3.amazonaws.com\/images\/breathe-fachada-noche-1548680767.jpg?resize=480:*\" sizes=\"740px\" srcset=\"https:\/\/hips.hearstapps.com\/hmg-prod.s3.amazonaws.com\/images\/breathe-fachada-noche-1548680767.jpg?resize=640:* 640w,https:\/\/hips.hearstapps.com\/hmg-prod.s3.amazonaws.com\/images\/breathe-fachada-noche-1548680767.jpg?resize=768:* 768w,https:\/\/hips.hearstapps.com\/hmg-prod.s3.amazonaws.com\/images\/breathe-fachada-noche-1548680767.jpg?resize=980:* 980w\" alt=\"Breathe Marbella\" data-src=\"https:\/\/hips.hearstapps.com\/hmg-prod.s3.amazonaws.com\/images\/breathe-fachada-noche-1548680767.jpg?resize=480:*\" data-sizes=\"auto\" data-srcset=\"https:\/\/hips.hearstapps.com\/hmg-prod.s3.amazonaws.com\/images\/breathe-fachada-noche-1548680767.jpg?resize=640:* 640w,https:\/\/hips.hearstapps.com\/hmg-prod.s3.amazonaws.com\/images\/breathe-fachada-noche-1548680767.jpg?resize=768:* 768w,https:\/\/hips.hearstapps.com\/hmg-prod.s3.amazonaws.com\/images\/breathe-fachada-noche-1548680767.jpg?resize=980:* 980w\" \/><\/p>\n<div class=\"image-credit content-lede-image-credit\"><span class=\"image-photo-credit\">BREATHE \/ LUCIJIM<\/span><\/div>\n<\/div>\n<\/div>\n<div class=\"article-body-content standard-body-content\">\n<p class=\"body-text\">Si tenemos suerte, en un futuro pr\u00f3ximo nos encontraremos con m\u00e1s restaurantes como Breathe. Por ahora, sin embargo,\u00a0<a class=\"body-link\" href=\"http:\/\/esquire.prod.hearstapps.com\/es\/viajes\/a22019401\/marbella-malaga-que-ver-hoteles-playa-mapa-tiempo-club\/\" target=\"_blank\" rel=\"noopener\" data-vars-ga-outbound-link=\"http:\/\/esquire.prod.hearstapps.com\/es\/viajes\/a22019401\/marbella-malaga-que-ver-hoteles-playa-mapa-tiempo-club\/\">tendremos que ir a Marbella<\/a>, en las inmediaciones de Puerto Ban\u00fas, para descubrir este ambicioso proyecto de restauraci\u00f3n en tres espacios que viene a demostrarnos que las cosas se pueden hacer de otra manera. Nosotros lo descubrimos de la mano de Aguilene Benicio, la persona detr\u00e1s de todo un conjunto de profesionales que han unido sus fuerzas en todos los \u00e1mbitos tras el nacimiento de Breathe.<\/p>\n<p class=\"body-text\">En la planta intermedia tenemos el restaurante, el coraz\u00f3n del edificio que supone una extensa superficie de 1000 m2 de los que m\u00e1s de 600 m2 est\u00e1n formados por unos ex\u00f3ticos jardines. Una amplia terraza, una inmensa barra y un acogedor espacio de \u00edntimas mesas, cuyo techo es un jard\u00edn colgante totalmente natural, forman el conjunto en el que disfrutaremos de las propuestas culinarias del chef Simone d\u2019Elia. Una serie de platos que cambian cada d\u00eda con la impresi\u00f3n de su nueva carta, respetando al m\u00e1ximo el concepto\u00a0<em>farm to table,<\/em>\u00a0utilizando solo productos frescos, de producci\u00f3n local y de temporada.<\/p>\n<div class=\"gallery-module\" data-gallery-id=\"2414b698-b0d2-4df3-85a5-412af76fc4c2\" data-gallery-slide-count=\"3\">\n<div class=\"gallery-slide\">\n<div class=\"slides\">\n<ul class=\"actions\">\n<li class=\"previous hidden\"><\/li>\n<li class=\"next\"><\/li>\n<\/ul>\n<div class=\"slides-inner\">\n<div>\n<div>\n<div class=\"slide\">\n<figure>\n<div class=\"image\"><img decoding=\"async\" src=\"https:\/\/hips.hearstapps.com\/hmg-prod.s3.amazonaws.com\/images\/breathe-marbella-1548680578.jpg?crop=1xw:1xh;center,top&amp;resize=480:*\" srcset=\" https:\/\/hips.hearstapps.com\/hmg-prod.s3.amazonaws.com\/images\/breathe-marbella-1548680578.jpg?crop=1xw:1xh;center,top&amp;resize=768:* 480w, https:\/\/hips.hearstapps.com\/hmg-prod.s3.amazonaws.com\/images\/breathe-marbella-1548680578.jpg?crop=1xw:1xh;center,top&amp;resize=980:* 768w, \" data-src=\"https:\/\/hips.hearstapps.com\/hmg-prod.s3.amazonaws.com\/images\/breathe-marbella-1548680578.jpg?crop=1xw:1xh;center,top&amp;resize=480:*\" data-srcset=\" https:\/\/hips.hearstapps.com\/hmg-prod.s3.amazonaws.com\/images\/breathe-marbella-1548680578.jpg?crop=1xw:1xh;center,top&amp;resize=768:* 480w, https:\/\/hips.hearstapps.com\/hmg-prod.s3.amazonaws.com\/images\/breathe-marbella-1548680578.jpg?crop=1xw:1xh;center,top&amp;resize=980:* 768w, \" \/><\/div>\n<\/figure>\n<\/div>\n<\/div>\n<div>\n<div class=\"slide\">\n<figure>\n<div class=\"image\"><img decoding=\"async\" src=\"https:\/\/hips.hearstapps.com\/hmg-prod.s3.amazonaws.com\/images\/breathe-marbella-2-1548680578.jpg?crop=1xw:1xh;center,top&amp;resize=480:*\" srcset=\" https:\/\/hips.hearstapps.com\/hmg-prod.s3.amazonaws.com\/images\/breathe-marbella-2-1548680578.jpg?crop=1xw:1xh;center,top&amp;resize=768:* 480w, https:\/\/hips.hearstapps.com\/hmg-prod.s3.amazonaws.com\/images\/breathe-marbella-2-1548680578.jpg?crop=1xw:1xh;center,top&amp;resize=980:* 768w, \" data-src=\"https:\/\/hips.hearstapps.com\/hmg-prod.s3.amazonaws.com\/images\/breathe-marbella-2-1548680578.jpg?crop=1xw:1xh;center,top&amp;resize=480:*\" data-srcset=\" https:\/\/hips.hearstapps.com\/hmg-prod.s3.amazonaws.com\/images\/breathe-marbella-2-1548680578.jpg?crop=1xw:1xh;center,top&amp;resize=768:* 480w, https:\/\/hips.hearstapps.com\/hmg-prod.s3.amazonaws.com\/images\/breathe-marbella-2-1548680578.jpg?crop=1xw:1xh;center,top&amp;resize=980:* 768w, \" \/><\/div>\n<\/figure>\n<\/div>\n<\/div>\n<div>\n<div class=\"slide\">\n<figure>\n<div class=\"image\"><img decoding=\"async\" src=\"https:\/\/hips.hearstapps.com\/hmg-prod.s3.amazonaws.com\/images\/breathe-marbella-opiniones-1548680629.jpg?crop=1xw:1xh;center,top&amp;resize=480:*\" srcset=\" https:\/\/hips.hearstapps.com\/hmg-prod.s3.amazonaws.com\/images\/breathe-marbella-opiniones-1548680629.jpg?crop=1xw:1xh;center,top&amp;resize=768:* 480w, https:\/\/hips.hearstapps.com\/hmg-prod.s3.amazonaws.com\/images\/breathe-marbella-opiniones-1548680629.jpg?crop=1xw:1xh;center,top&amp;resize=980:* 768w, \" data-src=\"https:\/\/hips.hearstapps.com\/hmg-prod.s3.amazonaws.com\/images\/breathe-marbella-opiniones-1548680629.jpg?crop=1xw:1xh;center,top&amp;resize=480:*\" data-srcset=\" https:\/\/hips.hearstapps.com\/hmg-prod.s3.amazonaws.com\/images\/breathe-marbella-opiniones-1548680629.jpg?crop=1xw:1xh;center,top&amp;resize=768:* 480w, https:\/\/hips.hearstapps.com\/hmg-prod.s3.amazonaws.com\/images\/breathe-marbella-opiniones-1548680629.jpg?crop=1xw:1xh;center,top&amp;resize=980:* 768w, \" \/><\/div>\n<\/figure>\n<\/div>\n<\/div>\n<\/div>\n<\/div>\n<\/div>\n<div class=\"dots\">\n<div class=\"dot active\">1<\/div>\n<div class=\"dot\">2<\/div>\n<div class=\"dot\">3<\/div>\n<\/div>\n<div class=\"caption\">\n<p class=\"credit\">BREATHE<\/p>\n<\/div>\n<\/div>\n<\/div>\n<p class=\"body-text\">Breathe respira y lo hace por sus jardines y cascadas, obra del arquitecto Rodolfo Amieva, del paisajista Mathieu L\u00e8bre y de la decoradora Marta del Ganso. Y es que Breathe es comer bien, s\u00ed, pero es mucho m\u00e1s. El complejo cuenta, bajo sus tres plantas de parking, con su propia planta de energ\u00eda geot\u00e9rmica cuyas perforaciones a 120 metros de profundidad se encargan de que la temperatura siempre sea la perfecta de un modo sostenible. El agua que ellos mismos purifican y su finca, a las afueras de la ciudad, que les auto-abastece, se encargan de que toda la oferta gastron\u00f3mica guarde, lo m\u00e1ximo posible, el concepto ecol\u00f3gico que ya apuntan las plantaciones naturales (regadas con agua de lluvia) y los materiales donde no encontraremos rastro alguno de pl\u00e1sticos.<\/p>\n<p class=\"body-text\">Al restaurante, ya en marcha y de amplia ocupaci\u00f3n a\u00fan en temporada baja, se sumar\u00e1n en primavera los otros dos espacios. Ground recibir\u00e1 a pie de calle a los visitantes con unos hornos de pan artesanal elaborados a base de diferentes masa madre, el mejor aceite y su propia mantequilla. Para quien quiera tomar una copa despu\u00e9s de cenar, solo hay que subir a la azotea (Air) y seguir alucinando con la propuesta \u00fanica de este macroespacio ecol\u00f3gico que dar\u00e1 seguro un nuevo aire a todo Marbella.<\/p>\n<div class=\"embed embed-image embed-image-center embed-image-medium\" data-align=\"center\" data-size=\"medium\">\n<div class=\"embed-inner crop-original\">\n<div class=\"embed-image-wrap aspect-ratio-original\"><picture class=\"zoomable lazyimage lazyloaded\"><source srcset=\"https:\/\/hips.hearstapps.com\/hmg-prod.s3.amazonaws.com\/images\/hamburguesa-de-ternera-premium-1548681412.jpg?crop=1xw:1xh;center,top&amp;resize=768:*\" media=\"(min-width: 61.25rem)\" data-srcset=\"https:\/\/hips.hearstapps.com\/hmg-prod.s3.amazonaws.com\/images\/hamburguesa-de-ternera-premium-1548681412.jpg?crop=1xw:1xh;center,top&amp;resize=768:*\" \/><source srcset=\"https:\/\/hips.hearstapps.com\/hmg-prod.s3.amazonaws.com\/images\/hamburguesa-de-ternera-premium-1548681412.jpg?crop=1xw:1xh;center,top&amp;resize=980:*\" media=\"(min-width: 48rem)\" data-srcset=\"https:\/\/hips.hearstapps.com\/hmg-prod.s3.amazonaws.com\/images\/hamburguesa-de-ternera-premium-1548681412.jpg?crop=1xw:1xh;center,top&amp;resize=980:*\" \/><source srcset=\"https:\/\/hips.hearstapps.com\/hmg-prod.s3.amazonaws.com\/images\/hamburguesa-de-ternera-premium-1548681412.jpg?crop=1xw:1xh;center,top&amp;resize=640:*\" media=\"(min-width: 30rem)\" data-srcset=\"https:\/\/hips.hearstapps.com\/hmg-prod.s3.amazonaws.com\/images\/hamburguesa-de-ternera-premium-1548681412.jpg?crop=1xw:1xh;center,top&amp;resize=640:*\" \/><img decoding=\"async\" class=\"lazyimage lazyloaded\" title=\"Breathe Marbella\" src=\"https:\/\/hips.hearstapps.com\/hmg-prod.s3.amazonaws.com\/images\/hamburguesa-de-ternera-premium-1548681412.jpg?crop=1xw:1xh;center,top&amp;resize=480:*\" alt=\"Breathe Marbella\" data-src=\"https:\/\/hips.hearstapps.com\/hmg-prod.s3.amazonaws.com\/images\/hamburguesa-de-ternera-premium-1548681412.jpg?crop=1xw:1xh;center,top&amp;resize=480:*\" \/><\/picture><\/div>\n<\/div>\n<div class=\"image-credit embed-image-credit\"><span class=\"image-photo-credit\">Breathe<\/span><\/div>\n<\/div>\n<p class=\"body-text\"><strong>Lo que no debes dejar de pedir, seg\u00fan Esquire<\/strong>: Si eres de tan buen est\u00f3mago como nosotros podr\u00e1s con un primero y un segundo. Nuestro entrante favorito, con perd\u00f3n del aguachile de corvina o los esparragos a la parrilla con huevos de codorniz, son los rollitos crujientes de cordero lechal maduro. Entre su enorme selecci\u00f3n de carnes y pescados, para quitarle algo de solemnidad al asunto, nos decantamos por su inmejorable hamburguesa con carne de vaca gallega, cebolla caramelizada, remolacha braseada y guacamole.<\/p>\n<p class=\"body-text\"><strong>Lo que no debes dejar de pedir, seg\u00fan Aguilene Benicio<\/strong>: &#8220;El Picant\u00f3n Marinado de Sobrasada, que viene acompa\u00f1ado de una ensalada mediterr\u00e1nea y una salsa picante de aji amarillo. C\u00f3mo no, la sobrada es de Mallorca y todas las verduras proceden de nuestros huertos locales&#8221;.<\/p>\n<p class=\"body-text\"><strong>Es perfecto para<\/strong>: cenar divinamente en un espacio \u00fanico y no querer moverte de sitio para tomar algo despu\u00e9s.<\/p>\n<p class=\"body-text\"><strong>As\u00ed lo definimos nosotros<\/strong>: Desde Ground para el desayuno hasta una copa al amanecer en Air, Breathe es un concepto de ocio y restauraci\u00f3n total. La demostraci\u00f3n de que lujo y comodidad pueden ir de la mano junto a sostenibilidad ecol\u00f3gica sin olvidar lo m\u00e1s importante, la calidad de la comida.<\/p>\n<p class=\"body-text\"><strong>As\u00ed lo define Aguilene Benicio<\/strong>: &#8220;Se puede ser un sitio de moda, proporcionar momentos inolvidables a las personas y, a la vez, respetar y lo m\u00e1s importante, transmitir un mensaje de respeto y ayuda al medio ambiente&#8221;.<\/p>\n<p class=\"body-text\"><strong>Precio medio<\/strong>: a la carta, entre 40 y 70 euros.<\/p>\n<p class=\"body-text\"><strong>Ambiente<\/strong>: nada mejor para pasar una noche de cena y copas en Marbella (\u00a1y ya es decir!).<\/p>\n<p class=\"body-text\"><strong>\u00bfDonde est\u00e1?<\/strong>\u00a0Nueva Andaluc\u00eda, Calle los Lirios, 29660 Marbella, M\u00e1laga.<\/p>\n<p class=\"body-text\"><strong>\u00bfA qu\u00e9 suena Breathe?<\/strong><\/p>\n<\/div>\n<\/div>\n<div class=\"content-rail standard-rail\">\n<div class=\"deferred-recirculation-module\" data-template=\"#recirculation-module-template\"><\/div>\n<\/div>\n<\/div>\n<div id=\"article-marketplace-horizontal\">\n<div id=\"gpt_lb_mn\" class=\"gpt-adslot noskim\" data-cb-ad-id=\"Media.net Replacement\"><\/div>\n<\/div>\n<p>Conoce mejor todos los entresijos de nuestro restaurante en <strong><a href=\"https:\/\/www.esquire.com\/es\/donde-comer-beber\/a26060413\/breathe-marbella-restaurante-opiniones-carta\/\" target=\"_blank\" rel=\"noopener\">este art\u00edculo<\/a> <\/strong>que nos ha dedicado la revista digital <a href=\"https:\/\/www.esquire.com\/es\/\" target=\"_blank\" rel=\"noopener\">Esquire<\/a><\/p>\n<p>&nbsp;<\/p>","protected":false},"excerpt":{"rendered":"<p>Hoy cenamos en&#8230; Breathe Querr\u00e1s quedarte a vivir en este para\u00edso sostenible de Marbella. POR\u00a0RAFAEL S\u00c1NCHEZ CASADEMONT 01\/02\/2019 BREATHE \/ LUCIJIM Si tenemos suerte, en un futuro pr\u00f3ximo nos encontraremos con m\u00e1s restaurantes como Breathe. Por ahora, sin embargo,\u00a0tendremos que ir a Marbella, en las inmediaciones de Puerto Ban\u00fas, para descubrir este ambicioso proyecto de [&hellip;]<\/p>","protected":false},"author":1,"featured_media":15173,"comment_status":"open","ping_status":"open","sticky":false,"template":"","format":"standard","meta":{"_acf_changed":false,"footnotes":""},"categories":[10],"tags":[],"class_list":["post-3201","post","type-post","status-publish","format-standard","has-post-thumbnail","hentry","category-press"],"acf":[],"_links":{"self":[{"href":"https:\/\/www.breathe.life\/es\/wp-json\/wp\/v2\/posts\/3201","targetHints":{"allow":["GET"]}}],"collection":[{"href":"https:\/\/www.breathe.life\/es\/wp-json\/wp\/v2\/posts"}],"about":[{"href":"https:\/\/www.breathe.life\/es\/wp-json\/wp\/v2\/types\/post"}],"author":[{"embeddable":true,"href":"https:\/\/www.breathe.life\/es\/wp-json\/wp\/v2\/users\/1"}],"replies":[{"embeddable":true,"href":"https:\/\/www.breathe.life\/es\/wp-json\/wp\/v2\/comments?post=3201"}],"version-history":[{"count":1,"href":"https:\/\/www.breathe.life\/es\/wp-json\/wp\/v2\/posts\/3201\/revisions"}],"predecessor-version":[{"id":15174,"href":"https:\/\/www.breathe.life\/es\/wp-json\/wp\/v2\/posts\/3201\/revisions\/15174"}],"wp:featuredmedia":[{"embeddable":true,"href":"https:\/\/www.breathe.life\/es\/wp-json\/wp\/v2\/media\/15173"}],"wp:attachment":[{"href":"https:\/\/www.breathe.life\/es\/wp-json\/wp\/v2\/media?parent=3201"}],"wp:term":[{"taxonomy":"category","embeddable":true,"href":"https:\/\/www.breathe.life\/es\/wp-json\/wp\/v2\/categories?post=3201"},{"taxonomy":"post_tag","embeddable":true,"href":"https:\/\/www.breathe.life\/es\/wp-json\/wp\/v2\/tags?post=3201"}],"curies":[{"name":"wp","href":"https:\/\/api.w.org\/{rel}","templated":true}]}}